{"id":98,"date":"2021-02-12T10:09:26","date_gmt":"2021-02-12T09:09:26","guid":{"rendered":"https:\/\/www.netzwerk-ktp-nrw.de\/?p=98"},"modified":"2021-02-12T10:10:12","modified_gmt":"2021-02-12T09:10:12","slug":"tagesmuetter-geben-auf","status":"publish","type":"post","link":"https:\/\/www.netzwerk-ktp-nrw.de\/?p=98","title":{"rendered":"Tagesm\u00fctter geben auf"},"content":{"rendered":"\n<p>Claudia Engelberts hat bei 2 Presseterminen ihre Stimme f\u00fcr Kindertagespflegepersonen in NRW erhoben.<br>Sie ist Pressesprecherin der Berufsvereinigung f\u00fcr Kindertagespflegepersonen e.V. und im Netzwerk Kindertagespflege NRW als Vertreterin f\u00fcr Dortmund t\u00e4tig.<\/p>\n\n\n\n<p>Claudia hat unsere Situation auf den Punkt gebracht &#8211; wir danken ihr f\u00fcr das souver\u00e4ne Auftreten!<\/p>\n\n\n\n<p>Anbei findet Ihr den Beitrag von Sat1 NRW:<\/p>\n\n\n\n<figure class=\"wp-block-embed-wordpress wp-block-embed is-type-wp-embed is-provider-sat-1-nrw\"><div class=\"wp-block-embed__wrapper\">\n<blockquote class=\"wp-embedded-content\" data-secret=\"lo16rxGDHE\"><a href=\"https:\/\/www.sat1nrw.de\/aktuell\/tagesmuetter-geben-auf-210999\/\">Tagesm\u00fctter geben auf<\/a><\/blockquote><iframe loading=\"lazy\" class=\"wp-embedded-content\" sandbox=\"allow-scripts\" security=\"restricted\" style=\"position: absolute; visibility: hidden;\" title=\"&#8222;Tagesm\u00fctter geben auf&#8220; &#8212; SAT.1 NRW\" src=\"https:\/\/www.sat1nrw.de\/aktuell\/tagesmuetter-geben-auf-210999\/embed\/#?secret=XsQyUHlMI1#?secret=lo16rxGDHE\" data-secret=\"lo16rxGDHE\" width=\"600\" height=\"338\" frameborder=\"0\" marginwidth=\"0\" marginheight=\"0\" scrolling=\"no\"><\/iframe>\n<\/div><\/figure>\n\n\n\n<p>Und in folgendem Beitrag des WDR findet Ihr ab ca. Minute 7 das Thema Kindertagespflege, nach dem Beitrag war Claudia live im Studio:<\/p>\n\n\n\n<p><a href=\"https:\/\/www1.wdr.de\/fernsehen\/lokalzeit\/dortmund\/videos\/video-lokalzeit-aus-dortmund---986.html\">https:\/\/www1.wdr.de\/fernsehen\/lokalzeit\/dortmund\/videos\/video-lokalzeit-aus-dortmund&#8212;986.html<\/a><\/p>\n","protected":false},"excerpt":{"rendered":"<p>Claudia Engelberts hat bei 2 Presseterminen ihre Stimme f\u00fcr Kindertagespflegepersonen in NRW erhoben.Sie ist Pressesprecherin der Berufsvereinigung f\u00fcr Kindertagespflegepersonen e.V. und im Netzwerk Kindertagespflege NRW als<span class=\"excerpt-hellip\"> [\u2026]<\/span><\/p>\n","protected":false},"author":1,"featured_media":100,"comment_status":"closed","ping_status":"closed","sticky":false,"template":"","format":"standard","meta":{"footnotes":""},"categories":[1],"tags":[],"class_list":["post-98","post","type-post","status-publish","format-standard","has-post-thumbnail","hentry","category-allgemein"],"_links":{"self":[{"href":"https:\/\/www.netzwerk-ktp-nrw.de\/index.php?rest_route=\/wp\/v2\/posts\/98","targetHints":{"allow":["GET"]}}],"collection":[{"href":"https:\/\/www.netzwerk-ktp-nrw.de\/index.php?rest_route=\/wp\/v2\/posts"}],"about":[{"href":"https:\/\/www.netzwerk-ktp-nrw.de\/index.php?rest_route=\/wp\/v2\/types\/post"}],"author":[{"embeddable":true,"href":"https:\/\/www.netzwerk-ktp-nrw.de\/index.php?rest_route=\/wp\/v2\/users\/1"}],"replies":[{"embeddable":true,"href":"https:\/\/www.netzwerk-ktp-nrw.de\/index.php?rest_route=%2Fwp%2Fv2%2Fcomments&post=98"}],"version-history":[{"count":1,"href":"https:\/\/www.netzwerk-ktp-nrw.de\/index.php?rest_route=\/wp\/v2\/posts\/98\/revisions"}],"predecessor-version":[{"id":99,"href":"https:\/\/www.netzwerk-ktp-nrw.de\/index.php?rest_route=\/wp\/v2\/posts\/98\/revisions\/99"}],"wp:featuredmedia":[{"embeddable":true,"href":"https:\/\/www.netzwerk-ktp-nrw.de\/index.php?rest_route=\/wp\/v2\/media\/100"}],"wp:attachment":[{"href":"https:\/\/www.netzwerk-ktp-nrw.de\/index.php?rest_route=%2Fwp%2Fv2%2Fmedia&parent=98"}],"wp:term":[{"taxonomy":"category","embeddable":true,"href":"https:\/\/www.netzwerk-ktp-nrw.de\/index.php?rest_route=%2Fwp%2Fv2%2Fcategories&post=98"},{"taxonomy":"post_tag","embeddable":true,"href":"https:\/\/www.netzwerk-ktp-nrw.de\/index.php?rest_route=%2Fwp%2Fv2%2Ftags&post=98"}],"curies":[{"name":"wp","href":"https:\/\/api.w.org\/{rel}","templated":true}]}}