{"id":92,"date":"2021-02-08T14:12:32","date_gmt":"2021-02-08T13:12:32","guid":{"rendered":"https:\/\/www.netzwerk-ktp-nrw.de\/?p=92"},"modified":"2021-02-08T14:13:27","modified_gmt":"2021-02-08T13:13:27","slug":"wir-brauchen-eure-unterstuetzung","status":"publish","type":"post","link":"https:\/\/www.netzwerk-ktp-nrw.de\/?p=92","title":{"rendered":"Wir brauchen Eure Unterst\u00fctzung!"},"content":{"rendered":"\n<p>Das Netzwerk Kindertagespflege NRW steht inzwischen mit den Landtagsfraktionen NRW in Kontakt.<\/p>\n\n\n\n<p>Die familienpolitischen Sprecher haben sich gemeldet und nun stehen die Antworten des Netzwerk Kindertagespflege NRW aus.<br>Am kommenden Donnerstag nehmen die Admins des Netzwerks zudem an einer Videokonferenz mit Frau Paul, der Fraktionsvorsitzenden und familienpolitischen Sprecherin der Gr\u00fcnen des Landtags NRW, teil.<\/p>\n\n\n\n<p>Um sowohl in den schriftlichen Antworten als auch im pers\u00f6nlichen Gespr\u00e4ch mit Frau Paul unsere Argumente mit Fakten zu belegen und die aktuelle Situation der Kindertagespflegepersonen in NRW sichtbar zu machen, haben wir erneut eine Umfrage mit teilweise neuen Fragen gestartet.<\/p>\n\n\n\n<p>Bitte nehmt so zahlreich wie m\u00f6glich teil, damit unsere Zahlen erneut repr\u00e4sentativ f\u00fcr ganz NRW sind.<\/p>\n\n\n\n<p>Leitet diese Nachricht an alle Kolleg*innen weiter &#8211; nur gemeinsam sind wir stark!<\/p>\n\n\n\n<p><\/p>\n\n\n\n<p><\/p>\n","protected":false},"excerpt":{"rendered":"<p>Das Netzwerk Kindertagespflege NRW steht inzwischen mit den Landtagsfraktionen NRW in Kontakt. Die familienpolitischen Sprecher haben sich gemeldet und nun stehen die Antworten des Netzwerk Kindertagespflege<span class=\"excerpt-hellip\"> [\u2026]<\/span><\/p>\n","protected":false},"author":1,"featured_media":0,"comment_status":"closed","ping_status":"closed","sticky":false,"template":"","format":"standard","meta":{"footnotes":""},"categories":[1],"tags":[],"class_list":["post-92","post","type-post","status-publish","format-standard","hentry","category-allgemein"],"_links":{"self":[{"href":"https:\/\/www.netzwerk-ktp-nrw.de\/index.php?rest_route=\/wp\/v2\/posts\/92","targetHints":{"allow":["GET"]}}],"collection":[{"href":"https:\/\/www.netzwerk-ktp-nrw.de\/index.php?rest_route=\/wp\/v2\/posts"}],"about":[{"href":"https:\/\/www.netzwerk-ktp-nrw.de\/index.php?rest_route=\/wp\/v2\/types\/post"}],"author":[{"embeddable":true,"href":"https:\/\/www.netzwerk-ktp-nrw.de\/index.php?rest_route=\/wp\/v2\/users\/1"}],"replies":[{"embeddable":true,"href":"https:\/\/www.netzwerk-ktp-nrw.de\/index.php?rest_route=%2Fwp%2Fv2%2Fcomments&post=92"}],"version-history":[{"count":4,"href":"https:\/\/www.netzwerk-ktp-nrw.de\/index.php?rest_route=\/wp\/v2\/posts\/92\/revisions"}],"predecessor-version":[{"id":96,"href":"https:\/\/www.netzwerk-ktp-nrw.de\/index.php?rest_route=\/wp\/v2\/posts\/92\/revisions\/96"}],"wp:attachment":[{"href":"https:\/\/www.netzwerk-ktp-nrw.de\/index.php?rest_route=%2Fwp%2Fv2%2Fmedia&parent=92"}],"wp:term":[{"taxonomy":"category","embeddable":true,"href":"https:\/\/www.netzwerk-ktp-nrw.de\/index.php?rest_route=%2Fwp%2Fv2%2Fcategories&post=92"},{"taxonomy":"post_tag","embeddable":true,"href":"https:\/\/www.netzwerk-ktp-nrw.de\/index.php?rest_route=%2Fwp%2Fv2%2Ftags&post=92"}],"curies":[{"name":"wp","href":"https:\/\/api.w.org\/{rel}","templated":true}]}}