{"id":85,"date":"2021-01-26T12:12:05","date_gmt":"2021-01-26T11:12:05","guid":{"rendered":"https:\/\/www.netzwerk-ktp-nrw.de\/?p=85"},"modified":"2021-01-26T12:15:28","modified_gmt":"2021-01-26T11:15:28","slug":"umfrageauswertung-zur-beruflichen-und-privaten-situation-der-kindertagespflegepersonen","status":"publish","type":"post","link":"https:\/\/www.netzwerk-ktp-nrw.de\/?p=85","title":{"rendered":"Umfrageauswertung zur beruflichen und privaten Situation der Kindertagespflegepersonen"},"content":{"rendered":"\n<p>\u2757\u2757\u2757Umfrageauswertung\u2757\u2757\u2757<\/p>\n\n\n\n<p>zur beruflichen und privaten Situation der Kindertagespflegepersonen in NRW<br>mit Stand vom 14.01.21<\/p>\n\n\n\n<p>Befragung von Montag, den 11.01.21 bis Donnerstag, den 14.01.21<\/p>\n\n\n\n<p>Teilnahme: 3442 Kindertagespflegepersonen aus NRW mit rund<br>15.673 Betreuungsvertr\u00e4gen<\/p>\n\n\n\n<p><br>Kurz\u00fcbersicht der Auswertung\/Inhalte:<\/p>\n\n\n\n<p>77,13 Prozent der Tageskinder (12.089 Kinder) in den befragten Kindertagespflegestellen nutzen derzeit trotz Appell die Betreuung.<\/p>\n\n\n\n<p>32,8 Prozent der Eltern nutzen die Betreuung aufgrund der Berufst\u00e4tigkeit beider oder alleinerziehender Elternteile, famili\u00e4rer \u00dcberlastung oder aus Gr\u00fcnden des Kindeswohls.<\/p>\n\n\n\n<p>In 8,9 Prozent der Tagespflegestellen besuchen ein oder mehrere Kinder derzeit die Betreuung, da die Eltern Covid-19 nicht als Gefahr empfinden und Kontaktbeschr\u00e4nkungen als \u00fcberfl\u00fcssig erachten.<\/p>\n\n\n\n<p>In 67,4 Prozent der Kindertagespflegestellen besuchen \u00e4ltere Geschwisterkinder eines oder mehrerer Tageskinder derzeit andere Betreuungsformen (Kita, schulische Notbetreuung).<\/p>\n\n\n\n<p>66,6 Prozent der Kindertagespflegepersonen haben eigene minderj\u00e4hrige Kinder.<\/p>\n\n\n\n<p>Von den eigenen minderj\u00e4hrigen Kindern besuchen 16,2 Prozent eine Kindertagesst\u00e4tte, 21,8 Prozent eine Grundschule und 31,2 Prozent eine weiterf\u00fchrende Schule.<\/p>\n\n\n\n<p>16,9 Prozent der Kindertagespflegepersonen sind alleinerziehend.<\/p>\n\n\n\n<p>Bei 88,4 Prozent der Kindertagespflegepersonen besteht aufgrund der aktuellen Umst\u00e4nde eine famili\u00e4re Belastungssituation\/\u00dcberlastung.<\/p>\n\n\n\n<p>Bei 43,9 Prozent der Kindertagespflegepersonen entstehen w\u00e4hrend des eingeschr\u00e4nkten Pandemiebetriebs finanzielle Nachteile.<\/p>\n\n\n\n<p>34,8 Prozent der Kindertagespflegepersonen geh\u00f6ren zur Risikogruppe f\u00fcr einen schweren Covid-19-Verlauf.<\/p>\n\n\n\n<p>47, 5 Prozent der Familienangeh\u00f6rigen im Haushalt der Kindertagespflegepersonen geh\u00f6ren zur Risikogruppe f\u00fcr einen schweren Covid-19-Verlauf.<\/p>\n\n\n\n<p>79,2 Prozent der Kindertagespflegepersonen f\u00fchlen sich w\u00e4hrend der Arbeit nicht ausreichend vor einer Covid-19-Infektion gesch\u00fctzt.<\/p>\n\n\n\n<p>Herr Minister Dr.&nbsp;<a href=\"https:\/\/www.facebook.com\/drjoachimstamp\/?fref=mentions&amp;__xts__%5B0%5D=68.ARCAfPYracTjCpYfkZCOqHMCvPh9X7F98HzhG3K06K2tSK-6v8pNAUvwh7kll--otvWn5VReKvOD4kb27Cf_zWxAIgMCAagYaviOGehrt_0L0_cy1B8-WXNyVoXHeCyGRdTtPL23YMuyPleXGymdlho4YWH-vUjleAseiIsKgWYlmTxTTQSLpoirTq_9TONfGOuvCmGnyJ4hRKyWqDMrFBuhM9SDLl5IHO675417Ay-t1h4NuyA4UK0Np50xWCel9Cfa2L41pVDOHhIDqCInwD1ZYENiMqTZorS2m1Fuxne336PMcKE&amp;__tn__=K-R\">Joachim Stamp<\/a>, es besteht dringender Handlungsbedarf.<\/p>\n\n\n\n<p>Die PDF-Datei mit ausf\u00fchrlicher Umfrageauswertung findet Ihr in folgendem Ordner zum Download:<\/p>\n\n\n\n<p><a rel=\"noreferrer noopener\" href=\"http:\/\/www.netzwerk-ktp-nrw.de\/daten\/umfrage.pdf\" target=\"_blank\">UMFRAGEAUSWERTUNG<\/a> (PDF)<\/p>\n","protected":false},"excerpt":{"rendered":"<p>\u2757\u2757\u2757Umfrageauswertung\u2757\u2757\u2757 zur beruflichen und privaten Situation der Kindertagespflegepersonen in NRWmit Stand vom 14.01.21 Befragung von Montag, den 11.01.21 bis Donnerstag, den 14.01.21 Teilnahme: 3442 Kindertagespflegepersonen aus<span class=\"excerpt-hellip\"> [\u2026]<\/span><\/p>\n","protected":false},"author":1,"featured_media":90,"comment_status":"closed","ping_status":"closed","sticky":false,"template":"","format":"standard","meta":{"footnotes":""},"categories":[1],"tags":[],"class_list":["post-85","post","type-post","status-publish","format-standard","has-post-thumbnail","hentry","category-allgemein"],"_links":{"self":[{"href":"https:\/\/www.netzwerk-ktp-nrw.de\/index.php?rest_route=\/wp\/v2\/posts\/85","targetHints":{"allow":["GET"]}}],"collection":[{"href":"https:\/\/www.netzwerk-ktp-nrw.de\/index.php?rest_route=\/wp\/v2\/posts"}],"about":[{"href":"https:\/\/www.netzwerk-ktp-nrw.de\/index.php?rest_route=\/wp\/v2\/types\/post"}],"author":[{"embeddable":true,"href":"https:\/\/www.netzwerk-ktp-nrw.de\/index.php?rest_route=\/wp\/v2\/users\/1"}],"replies":[{"embeddable":true,"href":"https:\/\/www.netzwerk-ktp-nrw.de\/index.php?rest_route=%2Fwp%2Fv2%2Fcomments&post=85"}],"version-history":[{"count":4,"href":"https:\/\/www.netzwerk-ktp-nrw.de\/index.php?rest_route=\/wp\/v2\/posts\/85\/revisions"}],"predecessor-version":[{"id":89,"href":"https:\/\/www.netzwerk-ktp-nrw.de\/index.php?rest_route=\/wp\/v2\/posts\/85\/revisions\/89"}],"wp:featuredmedia":[{"embeddable":true,"href":"https:\/\/www.netzwerk-ktp-nrw.de\/index.php?rest_route=\/wp\/v2\/media\/90"}],"wp:attachment":[{"href":"https:\/\/www.netzwerk-ktp-nrw.de\/index.php?rest_route=%2Fwp%2Fv2%2Fmedia&parent=85"}],"wp:term":[{"taxonomy":"category","embeddable":true,"href":"https:\/\/www.netzwerk-ktp-nrw.de\/index.php?rest_route=%2Fwp%2Fv2%2Fcategories&post=85"},{"taxonomy":"post_tag","embeddable":true,"href":"https:\/\/www.netzwerk-ktp-nrw.de\/index.php?rest_route=%2Fwp%2Fv2%2Ftags&post=85"}],"curies":[{"name":"wp","href":"https:\/\/api.w.org\/{rel}","templated":true}]}}