{"id":164,"date":"2022-04-24T17:20:23","date_gmt":"2022-04-24T15:20:23","guid":{"rendered":"https:\/\/www.netzwerk-ktp-nrw.de\/?p=164"},"modified":"2022-04-25T19:33:38","modified_gmt":"2022-04-25T17:33:38","slug":"begleitschreiben-fuer-politische-und-kommunale-ansprechpartnerinnen-zur-umfrageauswertung","status":"publish","type":"post","link":"https:\/\/www.netzwerk-ktp-nrw.de\/?p=164","title":{"rendered":"Begleitschreiben f\u00fcr politische und kommunale Ansprechpartner*innen zur Umfrageauswertung"},"content":{"rendered":"\n<p>Liebe Kolleginnen und Kollegen,<\/p>\n\n\n\n<p>anbei findet ihr ein von uns formuliertes Anschreiben zur freien Verwendung in eurer Kommune\/eurem Kreis:<\/p>\n\n\n\n<p><a href=\"https:\/\/www.netzwerk-ktp-nrw.de\/wp-content\/uploads\/2022\/04\/Textvordruck-fuer-kommunale-und-politische-AnsprechpartnerInnen-zur-Umfrageauswertung-1.doc\" target=\"_blank\" rel=\"noreferrer noopener\">Textvordruck f\u00fcr kommunale und politische AnsprechpartnerInnen zur Umfrageauswertung<\/a><\/p>\n\n\n\n<p>Wendet euch damit gerne an kommunale, politische Ansprechpartner*innen, eure Verwaltung und derzeit bevorzugt an alle Landtagskandidat*innen eurer Region, um auf das Thema Kindertagespflege aufmerksam zu machen. So k\u00f6nnen wir die Zeit bis zum Landtagswahlkampf NRW am 15. Mai 2022 effektiv nutzen und maximale Aufmerksamkeit erzielen.<\/p>\n\n\n\n<p>Die gelb markierten Fl\u00e4chen im Schreiben m\u00fcsst ihr mit euren individuellen Angaben erg\u00e4nzen, den gesamten Text k\u00f6nnt ihr auf Dokumenten mit eurem Briefkopf einf\u00fcgen.<\/p>\n\n\n\n<p>Aus diesem solidarischen Prinzip ist das Netzwerk Kindertagespflege NRW im M\u00e4rz 2020 entstanden.<\/p>\n\n\n\n<p>Lasst uns f\u00fcreinander einstehen und informiert alle Ansprechpartner*innen f\u00fcr Kindertagespflege in eurer Region mit dem Schreiben \u00fcber die Umfrageauswertung.<\/p>\n\n\n\n<p>Nur gemeinsam k\u00f6nnen wir etwas erreichen, nur gemeinsam sind wir stark.<\/p>\n\n\n\n<p>Euer Netzwerk Kindertagespflege NRW<\/p>\n","protected":false},"excerpt":{"rendered":"<p>Liebe Kolleginnen und Kollegen, anbei findet ihr ein von uns formuliertes Anschreiben zur freien Verwendung in eurer Kommune\/eurem Kreis: Textvordruck f\u00fcr kommunale und politische AnsprechpartnerInnen zur<span class=\"excerpt-hellip\"> [\u2026]<\/span><\/p>\n","protected":false},"author":2,"featured_media":145,"comment_status":"closed","ping_status":"closed","sticky":false,"template":"","format":"standard","meta":{"footnotes":""},"categories":[1],"tags":[],"class_list":["post-164","post","type-post","status-publish","format-standard","has-post-thumbnail","hentry","category-allgemein"],"_links":{"self":[{"href":"https:\/\/www.netzwerk-ktp-nrw.de\/index.php?rest_route=\/wp\/v2\/posts\/164","targetHints":{"allow":["GET"]}}],"collection":[{"href":"https:\/\/www.netzwerk-ktp-nrw.de\/index.php?rest_route=\/wp\/v2\/posts"}],"about":[{"href":"https:\/\/www.netzwerk-ktp-nrw.de\/index.php?rest_route=\/wp\/v2\/types\/post"}],"author":[{"embeddable":true,"href":"https:\/\/www.netzwerk-ktp-nrw.de\/index.php?rest_route=\/wp\/v2\/users\/2"}],"replies":[{"embeddable":true,"href":"https:\/\/www.netzwerk-ktp-nrw.de\/index.php?rest_route=%2Fwp%2Fv2%2Fcomments&post=164"}],"version-history":[{"count":4,"href":"https:\/\/www.netzwerk-ktp-nrw.de\/index.php?rest_route=\/wp\/v2\/posts\/164\/revisions"}],"predecessor-version":[{"id":180,"href":"https:\/\/www.netzwerk-ktp-nrw.de\/index.php?rest_route=\/wp\/v2\/posts\/164\/revisions\/180"}],"wp:featuredmedia":[{"embeddable":true,"href":"https:\/\/www.netzwerk-ktp-nrw.de\/index.php?rest_route=\/wp\/v2\/media\/145"}],"wp:attachment":[{"href":"https:\/\/www.netzwerk-ktp-nrw.de\/index.php?rest_route=%2Fwp%2Fv2%2Fmedia&parent=164"}],"wp:term":[{"taxonomy":"category","embeddable":true,"href":"https:\/\/www.netzwerk-ktp-nrw.de\/index.php?rest_route=%2Fwp%2Fv2%2Fcategories&post=164"},{"taxonomy":"post_tag","embeddable":true,"href":"https:\/\/www.netzwerk-ktp-nrw.de\/index.php?rest_route=%2Fwp%2Fv2%2Ftags&post=164"}],"curies":[{"name":"wp","href":"https:\/\/api.w.org\/{rel}","templated":true}]}}