{"id":144,"date":"2021-11-26T14:40:00","date_gmt":"2021-11-26T13:40:00","guid":{"rendered":"https:\/\/www.netzwerk-ktp-nrw.de\/?p=144"},"modified":"2021-11-26T14:41:13","modified_gmt":"2021-11-26T13:41:13","slug":"offener-brief-an-nrw-ministerpraesident-hendrik-wuest","status":"publish","type":"post","link":"https:\/\/www.netzwerk-ktp-nrw.de\/?p=144","title":{"rendered":"**Offener Brief an NRW-Ministerpr\u00e4sident Hendrik W\u00fcst**"},"content":{"rendered":"\n<p class=\"has-text-align-center\">Sehr geehrter Herr Ministerpr\u00e4sident W\u00fcst,<\/p>\n\n\n\n<p class=\"has-text-align-center\">im Anhang senden wir Ihnen unseren offenen Brief, in welchem wir auf die Unzuverl\u00e4ssigkeit der freiwilligen Selbsttests in Kitas und Kindertagespflegestellen eingehen, welche uns vom Land NRW als vermeintliche Sicherheit (auch bei vorliegenden Covid-19-Infektionen in unseren Gruppen) zur Verf\u00fcgung gestellt werden.<\/p>\n\n\n\n<p class=\"has-text-align-center\">Wie wir heute erfahren haben, sind Lolli-Selbsttests in Schleswig-Holstein aufgrund der fehlenden Zuverl\u00e4ssigkeit und da die Selbstentnahme von Speichelproben bei Antigen-Schnelltests f\u00fcr Kinder laut RKI nicht klinisch validiert sind, schon seit geraumer Zeit nicht mehr zugelassen.<\/p>\n\n\n\n<p class=\"has-text-align-center\">Vor dem Hintergrund des au\u00dfer Kontrolle geratenden Infektionsgeschehens (auch in unseren Kindertagespflegestellen!) zeigen wir unter Bezugnahme auf das epidemiologische Bulletin des RKI vom 18.11.21 Wege auf, die Betreuung der rund 61.000 Kinder in Kindertagespflege (NRW) weiterhin uneingeschr\u00e4nkt und dennoch verantwortungsbewusst zu erm\u00f6glichen.<\/p>\n\n\n\n<p class=\"has-text-align-center\">Mit der Bitte um Kenntnisnahme verbleiben wir<\/p>\n\n\n\n<p class=\"has-text-align-center\">mit freundlichen Gr\u00fc\u00dfen<\/p>\n\n\n\n<p class=\"has-text-align-center\">das Netzwerk Kindertagespflege NRW<\/p>\n\n\n\n<p class=\"has-text-align-center\"><a rel=\"noreferrer noopener\" href=\"https:\/\/www.netzwerk-ktp-nrw.de\/wp-content\/uploads\/2021\/11\/2_5262552096971952587.pdf\" target=\"_blank\">Zum Brief &#8211;><\/a><br><br><br><\/p>\n\n\n\n<p><\/p>\n\n\n\n<p><\/p>\n","protected":false},"excerpt":{"rendered":"<p>Sehr geehrter Herr Ministerpr\u00e4sident W\u00fcst, im Anhang senden wir Ihnen unseren offenen Brief, in welchem wir auf die Unzuverl\u00e4ssigkeit der freiwilligen Selbsttests in Kitas und Kindertagespflegestellen<span class=\"excerpt-hellip\"> [\u2026]<\/span><\/p>\n","protected":false},"author":1,"featured_media":145,"comment_status":"closed","ping_status":"closed","sticky":false,"template":"","format":"standard","meta":{"footnotes":""},"categories":[1],"tags":[],"class_list":["post-144","post","type-post","status-publish","format-standard","has-post-thumbnail","hentry","category-allgemein"],"_links":{"self":[{"href":"https:\/\/www.netzwerk-ktp-nrw.de\/index.php?rest_route=\/wp\/v2\/posts\/144","targetHints":{"allow":["GET"]}}],"collection":[{"href":"https:\/\/www.netzwerk-ktp-nrw.de\/index.php?rest_route=\/wp\/v2\/posts"}],"about":[{"href":"https:\/\/www.netzwerk-ktp-nrw.de\/index.php?rest_route=\/wp\/v2\/types\/post"}],"author":[{"embeddable":true,"href":"https:\/\/www.netzwerk-ktp-nrw.de\/index.php?rest_route=\/wp\/v2\/users\/1"}],"replies":[{"embeddable":true,"href":"https:\/\/www.netzwerk-ktp-nrw.de\/index.php?rest_route=%2Fwp%2Fv2%2Fcomments&post=144"}],"version-history":[{"count":4,"href":"https:\/\/www.netzwerk-ktp-nrw.de\/index.php?rest_route=\/wp\/v2\/posts\/144\/revisions"}],"predecessor-version":[{"id":150,"href":"https:\/\/www.netzwerk-ktp-nrw.de\/index.php?rest_route=\/wp\/v2\/posts\/144\/revisions\/150"}],"wp:featuredmedia":[{"embeddable":true,"href":"https:\/\/www.netzwerk-ktp-nrw.de\/index.php?rest_route=\/wp\/v2\/media\/145"}],"wp:attachment":[{"href":"https:\/\/www.netzwerk-ktp-nrw.de\/index.php?rest_route=%2Fwp%2Fv2%2Fmedia&parent=144"}],"wp:term":[{"taxonomy":"category","embeddable":true,"href":"https:\/\/www.netzwerk-ktp-nrw.de\/index.php?rest_route=%2Fwp%2Fv2%2Fcategories&post=144"},{"taxonomy":"post_tag","embeddable":true,"href":"https:\/\/www.netzwerk-ktp-nrw.de\/index.php?rest_route=%2Fwp%2Fv2%2Ftags&post=144"}],"curies":[{"name":"wp","href":"https:\/\/api.w.org\/{rel}","templated":true}]}}