{"id":110,"date":"2021-04-19T19:44:07","date_gmt":"2021-04-19T17:44:07","guid":{"rendered":"https:\/\/www.netzwerk-ktp-nrw.de\/?p=110"},"modified":"2021-04-19T19:47:02","modified_gmt":"2021-04-19T17:47:02","slug":"brief-an-minister-dr-stamp","status":"publish","type":"post","link":"https:\/\/www.netzwerk-ktp-nrw.de\/?p=110","title":{"rendered":"Brief an Minister Dr. Stamp"},"content":{"rendered":"\n<p>Aus aktuellem Anlass haben wir im Netzwerk einen offenen Brief an Herrn Minister Dr. Stamp verfasst, welcher soeben an den politischen Verteiler im Landtag NRW versendet wurde.<\/p>\n\n\n\n<p>Wir hoffen auf eine Antwort und eine verantwortungsvolle Strategie f\u00fcr die kommenden Wochen &#8211; wie immer halten wir Euch \u00fcber unsere Kan\u00e4le auf dem Laufenden.<\/p>\n\n\n\n<p><a rel=\"noreferrer noopener\" href=\"https:\/\/www.netzwerk-ktp-nrw.de\/wp-content\/uploads\/2021\/04\/2_5469771680454806475.pdf\" target=\"_blank\">Hier k\u00f6nnt ihr den Brief einsehen &#8211;&gt;<\/a><\/p>\n\n\n\n<p><\/p>\n","protected":false},"excerpt":{"rendered":"<p>Aus aktuellem Anlass haben wir im Netzwerk einen offenen Brief an Herrn Minister Dr. Stamp verfasst, welcher soeben an den politischen Verteiler im Landtag NRW versendet<span class=\"excerpt-hellip\"> [\u2026]<\/span><\/p>\n","protected":false},"author":1,"featured_media":23,"comment_status":"closed","ping_status":"closed","sticky":false,"template":"","format":"standard","meta":{"footnotes":""},"categories":[1],"tags":[],"class_list":["post-110","post","type-post","status-publish","format-standard","has-post-thumbnail","hentry","category-allgemein"],"_links":{"self":[{"href":"https:\/\/www.netzwerk-ktp-nrw.de\/index.php?rest_route=\/wp\/v2\/posts\/110","targetHints":{"allow":["GET"]}}],"collection":[{"href":"https:\/\/www.netzwerk-ktp-nrw.de\/index.php?rest_route=\/wp\/v2\/posts"}],"about":[{"href":"https:\/\/www.netzwerk-ktp-nrw.de\/index.php?rest_route=\/wp\/v2\/types\/post"}],"author":[{"embeddable":true,"href":"https:\/\/www.netzwerk-ktp-nrw.de\/index.php?rest_route=\/wp\/v2\/users\/1"}],"replies":[{"embeddable":true,"href":"https:\/\/www.netzwerk-ktp-nrw.de\/index.php?rest_route=%2Fwp%2Fv2%2Fcomments&post=110"}],"version-history":[{"count":5,"href":"https:\/\/www.netzwerk-ktp-nrw.de\/index.php?rest_route=\/wp\/v2\/posts\/110\/revisions"}],"predecessor-version":[{"id":116,"href":"https:\/\/www.netzwerk-ktp-nrw.de\/index.php?rest_route=\/wp\/v2\/posts\/110\/revisions\/116"}],"wp:featuredmedia":[{"embeddable":true,"href":"https:\/\/www.netzwerk-ktp-nrw.de\/index.php?rest_route=\/wp\/v2\/media\/23"}],"wp:attachment":[{"href":"https:\/\/www.netzwerk-ktp-nrw.de\/index.php?rest_route=%2Fwp%2Fv2%2Fmedia&parent=110"}],"wp:term":[{"taxonomy":"category","embeddable":true,"href":"https:\/\/www.netzwerk-ktp-nrw.de\/index.php?rest_route=%2Fwp%2Fv2%2Fcategories&post=110"},{"taxonomy":"post_tag","embeddable":true,"href":"https:\/\/www.netzwerk-ktp-nrw.de\/index.php?rest_route=%2Fwp%2Fv2%2Ftags&post=110"}],"curies":[{"name":"wp","href":"https:\/\/api.w.org\/{rel}","templated":true}]}}