{"id":105,"date":"2021-02-23T21:07:15","date_gmt":"2021-02-23T20:07:15","guid":{"rendered":"https:\/\/www.netzwerk-ktp-nrw.de\/?p=105"},"modified":"2021-02-23T21:07:17","modified_gmt":"2021-02-23T20:07:17","slug":"wdr-koeln-greift-anliegen-erneut-auf","status":"publish","type":"post","link":"https:\/\/www.netzwerk-ktp-nrw.de\/?p=105","title":{"rendered":"WDR K\u00f6ln greift Anliegen erneut auf"},"content":{"rendered":"\n<p>Da wir die Landesregierung NRW seit Monaten erfolglos um gesundheitlichen Mindestschutz in der Kindertagesbetreuung bitten, hat der WDR K\u00f6ln erneut unsere Anliegen aufgegriffen.<\/p>\n\n\n\n<p>In der Lokalzeit wurde ein Beitrag \u00fcber die derzeitige Situation in der Kindertagespflege gezeigt, im Anschluss war Netzwerk-Administratorin und Tagesmutter Tanja B\u00f6ttcher live im Studio.<\/p>\n\n\n\n<p>Erg\u00e4nzung: Wir freuen uns sehr \u00fcber die Nachricht des Tages, vorgezogene Impfpriorisierung f\u00fcr p\u00e4dagogische Fachkr\u00e4fte verschiedener Bereiche.<br>Sobald wir diesbez\u00fcglich mehr\/genauere Infos vorliegen haben, stellen wir diese umgehend hier zur Verf\u00fcgung.<\/p>\n\n\n\n<p>Unter folgendem Link k\u00f6nnt Ihr den Beitrag des WDR mit anschlie\u00dfendem Interview sehen:<\/p>\n\n\n\n<p><a href=\"https:\/\/www1.wdr.de\/mediathek\/video\/sendungen\/lokalzeit-koeln\/video-tagesmuetter-am-limit-100.html\">https:\/\/www1.wdr.de\/mediathek\/video\/sendungen\/lokalzeit-koeln\/video-tagesmuetter-am-limit-100.html<\/a><\/p>\n","protected":false},"excerpt":{"rendered":"<p>Da wir die Landesregierung NRW seit Monaten erfolglos um gesundheitlichen Mindestschutz in der Kindertagesbetreuung bitten, hat der WDR K\u00f6ln erneut unsere Anliegen aufgegriffen. In der Lokalzeit<span class=\"excerpt-hellip\"> [\u2026]<\/span><\/p>\n","protected":false},"author":1,"featured_media":106,"comment_status":"closed","ping_status":"closed","sticky":false,"template":"","format":"standard","meta":{"footnotes":""},"categories":[1],"tags":[],"class_list":["post-105","post","type-post","status-publish","format-standard","has-post-thumbnail","hentry","category-allgemein"],"_links":{"self":[{"href":"https:\/\/www.netzwerk-ktp-nrw.de\/index.php?rest_route=\/wp\/v2\/posts\/105","targetHints":{"allow":["GET"]}}],"collection":[{"href":"https:\/\/www.netzwerk-ktp-nrw.de\/index.php?rest_route=\/wp\/v2\/posts"}],"about":[{"href":"https:\/\/www.netzwerk-ktp-nrw.de\/index.php?rest_route=\/wp\/v2\/types\/post"}],"author":[{"embeddable":true,"href":"https:\/\/www.netzwerk-ktp-nrw.de\/index.php?rest_route=\/wp\/v2\/users\/1"}],"replies":[{"embeddable":true,"href":"https:\/\/www.netzwerk-ktp-nrw.de\/index.php?rest_route=%2Fwp%2Fv2%2Fcomments&post=105"}],"version-history":[{"count":1,"href":"https:\/\/www.netzwerk-ktp-nrw.de\/index.php?rest_route=\/wp\/v2\/posts\/105\/revisions"}],"predecessor-version":[{"id":107,"href":"https:\/\/www.netzwerk-ktp-nrw.de\/index.php?rest_route=\/wp\/v2\/posts\/105\/revisions\/107"}],"wp:featuredmedia":[{"embeddable":true,"href":"https:\/\/www.netzwerk-ktp-nrw.de\/index.php?rest_route=\/wp\/v2\/media\/106"}],"wp:attachment":[{"href":"https:\/\/www.netzwerk-ktp-nrw.de\/index.php?rest_route=%2Fwp%2Fv2%2Fmedia&parent=105"}],"wp:term":[{"taxonomy":"category","embeddable":true,"href":"https:\/\/www.netzwerk-ktp-nrw.de\/index.php?rest_route=%2Fwp%2Fv2%2Fcategories&post=105"},{"taxonomy":"post_tag","embeddable":true,"href":"https:\/\/www.netzwerk-ktp-nrw.de\/index.php?rest_route=%2Fwp%2Fv2%2Ftags&post=105"}],"curies":[{"name":"wp","href":"https:\/\/api.w.org\/{rel}","templated":true}]}}