{"id":101,"date":"2021-02-18T20:32:18","date_gmt":"2021-02-18T19:32:18","guid":{"rendered":"https:\/\/www.netzwerk-ktp-nrw.de\/?p=101"},"modified":"2021-02-18T20:34:15","modified_gmt":"2021-02-18T19:34:15","slug":"auswertung-unserer-letzten-umfrage","status":"publish","type":"post","link":"https:\/\/www.netzwerk-ktp-nrw.de\/?p=101","title":{"rendered":"Auswertung unserer letzten Umfrage"},"content":{"rendered":"\n<p>Anbei findet Ihr die Auswertung unserer letzten Umfrage mit Stand vom 10.02.21.<br>Die Zahlen sind wieder einmal sehr deutlich und belegen unsere aktuelle Situation.<\/p>\n\n\n\n<p>Wir haben die Umfrageauswertung mit erg\u00e4nzenden Zeilen bereits an die familienpolitischen Sprecher im Landtag NRW gesendet (FDP, CDU, SPD, Gr\u00fcne).<\/p>\n\n\n\n<p>Wer nicht gerne liest und nach Ablenkung w\u00e4hrend der Hausarbeit sucht &#8211; wir haben ein paar Worte zur Umfrageauswertung aufgezeichnet.<\/p>\n\n\n\n<p>Abrufen k\u00f6nnt Ihr die Aufnahme unter folgendem Link bei YouTube:<\/p>\n\n\n\n<figure class=\"wp-block-embed-youtube wp-block-embed is-type-video is-provider-youtube wp-embed-aspect-4-3 wp-has-aspect-ratio\"><div class=\"wp-block-embed__wrapper\">\n<iframe loading=\"lazy\" title=\"Netzwerk Kindertagespflege NRW - Auswertung der aktuellen Blitzumfrage vom 10.02.21\" width=\"1220\" height=\"915\" src=\"https:\/\/www.youtube.com\/embed\/gyttnD3xcn4?feature=oembed\" frameborder=\"0\" allow=\"accelerometer; autoplay; clipboard-write; encrypted-media; gyroscope; picture-in-picture; web-share\" referrerpolicy=\"strict-origin-when-cross-origin\" allowfullscreen><\/iframe>\n<\/div><\/figure>\n\n\n\n<p>Hier kommt die Kurz\u00fcbersicht der Umfrageauswertung:<\/p>\n\n\n\n<p>\u2022 Teilnehmende Kindertagespflegepersonen (KTPP): 3238<\/p>\n\n\n\n<p>\u2022 Anzahl der vertraglich zugeordneten Betreuungsverh\u00e4ltnisse: rund 14.775<\/p>\n\n\n\n<p>\u2022 79,7 Prozent der vertraglich zugeordneten Tageskinder nutzen mit Stand vom 10.02.21 w\u00f6chentlich im Durchschnitt die Betreuung<\/p>\n\n\n\n<p>\u2022 In 7,3 Prozent der Kindertagespflegestellen waren bereits Tageskinder an Covid-19 erkrankt<\/p>\n\n\n\n<p>\u2022 In 44,2 Prozent der Kindertagespflegstellen wissen KTPP nicht, ob Tageskinder bereits an Covid-19 erkrankt waren, da Kinder weder bei Symptomen noch bei Kontakt zu Infizierten auf Covid-19 getestet wurden<\/p>\n\n\n\n<p>\u2022 In 22,5 Prozent der Kindertagespflegestellen waren bereits Familienangeh\u00f6rige der Tageskinder an Covid-19 erkrankt<\/p>\n\n\n\n<p>\u2022 24,2 Prozent der KTPP gaben an, dass Sie bereits Tageskinder betreuen mussten, obwohl deren Familienangeh\u00f6rige (Eltern, Geschwister, usw.) desselben Haushaltes sich als Kontaktpersonen in Quarant\u00e4ne befanden<\/p>\n\n\n\n<p>\u2022 In 74,3 Prozent der Kindertagespflegestellen hatten eines oder mehrere der Tageskinder seit 01.11.20 Symptome einer Covid-19-Infektion (zum Beispiel Husten, Fieber, Durchfall, Hautausschlag, extreme Schlappheit)<\/p>\n\n\n\n<p>\u2022 In 79 Prozent der Kindertagespflegestellen wurde kein einziges der symptomatischen Kinder auf Covid-19 getestet<\/p>\n\n\n\n<p>\u2022 56,9 Prozent der KTPP mussten bereits eines oder mehrere Tageskinder mit Symptomen und ohne Tests auf Covid-19 betreuen, da das Kind vom Kinderarzt\/der Kinder\u00e4rztin eine Gesundschreibung erhalten hat<\/p>\n\n\n\n<p>\u2022 71,3 Prozent der KTPP, die bereits von Entscheidungen des Gesundheitsamtes betroffen waren, gaben an, dass sie diese Entscheidungen als Gefahr f\u00fcr das<br>Infektionsgeschehen einsch\u00e4tzen (zum Beispiel keine Quarant\u00e4neanordnungen trotz positiv getesteter Personen im Umfeld, keine Tests f\u00fcr Kinder bei Kontakt zu Infizierten, usw.)<\/p>\n\n\n\n<p>\u2022 60,7 Prozent der KTPP w\u00fcrden sich impfen lassen, sobald sie die M\u00f6glichkeit hierzu bek\u00e4men; 26,1 Prozent der KTPP sind diesbez\u00fcglich noch unentschlossen<\/p>\n\n\n\n<p>\u2022 18,2 Prozent der KTPP haben ein eigenes Kind im Haushalt, welches aufgrund von Behinderung\/chronischer Erkrankung und Zugeh\u00f6rigkeit zur Risikogruppe durch den t\u00e4glichen Kontakt in der famili\u00e4ren Betreuungsform einem hohen Infektionsrisiko ausgesetzt ist<\/p>\n\n\n\n<p>\u2022 1,9 Prozent der befragten KTPP sind aktuell schwanger<\/p>\n\n\n\n<p>\u2022 Nur 5,2 Prozent der KTPP f\u00fchlen sich aktuell w\u00e4hrend ihrer T\u00e4tigkeit von der Landesregierung NRW ausreichend vor einer Covid-19-Infektion gesch\u00fctzt<\/p>\n\n\n\n<p>\u2022 29,7 Prozent der KTPP \u00fcberlegen derzeit intensiv, ihre T\u00e4tigkeit einzustellen; 14 Prozent sind sich diesbez\u00fcglich noch unsicher<\/p>\n\n\n\n<p>Hier findet Ihr die ausf\u00fchrliche Umfrageauswertung als PDF-Datei:<\/p>\n\n\n\n<p><a href=\"..\/daten\/umfrage-2.pdf\">Umfrage Ergebnisse (PDF)<\/a><\/p>\n","protected":false},"excerpt":{"rendered":"<p>Anbei findet Ihr die Auswertung unserer letzten Umfrage mit Stand vom 10.02.21.Die Zahlen sind wieder einmal sehr deutlich und belegen unsere aktuelle Situation. Wir haben die<span class=\"excerpt-hellip\"> [\u2026]<\/span><\/p>\n","protected":false},"author":1,"featured_media":103,"comment_status":"closed","ping_status":"closed","sticky":false,"template":"","format":"standard","meta":{"footnotes":""},"categories":[1],"tags":[],"class_list":["post-101","post","type-post","status-publish","format-standard","has-post-thumbnail","hentry","category-allgemein"],"_links":{"self":[{"href":"https:\/\/www.netzwerk-ktp-nrw.de\/index.php?rest_route=\/wp\/v2\/posts\/101","targetHints":{"allow":["GET"]}}],"collection":[{"href":"https:\/\/www.netzwerk-ktp-nrw.de\/index.php?rest_route=\/wp\/v2\/posts"}],"about":[{"href":"https:\/\/www.netzwerk-ktp-nrw.de\/index.php?rest_route=\/wp\/v2\/types\/post"}],"author":[{"embeddable":true,"href":"https:\/\/www.netzwerk-ktp-nrw.de\/index.php?rest_route=\/wp\/v2\/users\/1"}],"replies":[{"embeddable":true,"href":"https:\/\/www.netzwerk-ktp-nrw.de\/index.php?rest_route=%2Fwp%2Fv2%2Fcomments&post=101"}],"version-history":[{"count":1,"href":"https:\/\/www.netzwerk-ktp-nrw.de\/index.php?rest_route=\/wp\/v2\/posts\/101\/revisions"}],"predecessor-version":[{"id":102,"href":"https:\/\/www.netzwerk-ktp-nrw.de\/index.php?rest_route=\/wp\/v2\/posts\/101\/revisions\/102"}],"wp:featuredmedia":[{"embeddable":true,"href":"https:\/\/www.netzwerk-ktp-nrw.de\/index.php?rest_route=\/wp\/v2\/media\/103"}],"wp:attachment":[{"href":"https:\/\/www.netzwerk-ktp-nrw.de\/index.php?rest_route=%2Fwp%2Fv2%2Fmedia&parent=101"}],"wp:term":[{"taxonomy":"category","embeddable":true,"href":"https:\/\/www.netzwerk-ktp-nrw.de\/index.php?rest_route=%2Fwp%2Fv2%2Fcategories&post=101"},{"taxonomy":"post_tag","embeddable":true,"href":"https:\/\/www.netzwerk-ktp-nrw.de\/index.php?rest_route=%2Fwp%2Fv2%2Ftags&post=101"}],"curies":[{"name":"wp","href":"https:\/\/api.w.org\/{rel}","templated":true}]}}